{"id":19705,"date":"2025-03-10T16:21:54","date_gmt":"2025-03-10T22:21:54","guid":{"rendered":"https:\/\/viajayvuela.com.mx\/?p=19705"},"modified":"2025-03-03T16:22:50","modified_gmt":"2025-03-03T22:22:50","slug":"los-mejores-lugares-para-celebrar-san-patricio","status":"publish","type":"post","link":"https:\/\/viajayvuela.framelova.info\/en\/los-mejores-lugares-para-celebrar-san-patricio\/","title":{"rendered":"Los mejores lugares para celebrar San Patricio"},"content":{"rendered":"<div data-elementor-type=\"wp-post\" data-elementor-id=\"19705\" class=\"elementor elementor-19705\" data-elementor-post-type=\"post\">\n\t\t\t\t\t\t<section data-particle_enable=\"false\" data-particle-mobile-disabled=\"false\" class=\"elementor-section elementor-top-section elementor-element elementor-element-4c2f96fa elementor-section-boxed elementor-section-height-default elementor-section-height-default\" data-id=\"4c2f96fa\" data-element_type=\"section\">\n\t\t\t\t\t\t<div class=\"elementor-container elementor-column-gap-default\">\n\t\t\t\t\t<div class=\"elementor-column elementor-col-100 elementor-top-column elementor-element elementor-element-2e368532\" data-id=\"2e368532\" data-element_type=\"column\">\n\t\t\t<div class=\"elementor-widget-wrap elementor-element-populated\">\n\t\t\t\t\t\t<div class=\"elementor-element elementor-element-c25d67c elementor-widget elementor-widget-theme-post-title elementor-page-title elementor-widget-heading\" data-id=\"c25d67c\" data-element_type=\"widget\" data-widget_type=\"theme-post-title.default\">\n\t\t\t\t<div class=\"elementor-widget-container\">\n\t\t\t\t\t<h1 class=\"elementor-heading-title elementor-size-default\">Los mejores lugares para celebrar San Patricio<\/h1>\t\t\t\t<\/div>\n\t\t\t\t<\/div>\n\t\t\t\t<div class=\"elementor-element elementor-element-d185866 elementor-widget elementor-widget-text-editor\" data-id=\"d185866\" data-element_type=\"widget\" data-widget_type=\"text-editor.default\">\n\t\t\t\t<div class=\"elementor-widget-container\">\n\t\t\t\t\t\t\t\t\t<p>San Patricio es sin\u00f3nimo de fiesta, cervezas y tradiciones celtas. Esta celebraci\u00f3n se ha convertido en un evento global, con desfiles, m\u00fasica y mucha alegr\u00eda en distintos puntos del mundo. Si est\u00e1s buscando los destinos ideales para vivir la experiencia al m\u00e1ximo, aqu\u00ed tienes algunas opciones imperdibles:<\/p>\t\t\t\t\t\t\t\t<\/div>\n\t\t\t\t<\/div>\n\t\t\t\t<div class=\"elementor-element elementor-element-662d767 elementor-widget elementor-widget-eael-feature-list\" data-id=\"662d767\" data-element_type=\"widget\" data-widget_type=\"eael-feature-list.default\">\n\t\t\t\t<div class=\"elementor-widget-container\">\n\t\t\t\t\t\t\t<div class=\"-icon-position-left -tablet-icon-position-left -mobile-icon-position-left\">\n\t\t\t<ul id=\"eael-feature-list-662d767\" class=\"eael-feature-list-items circle stacked  eael-feature-list-vertical\">\n\t\t\t                <li class=\"eael-feature-list-item elementor-repeater-item-33a545e\">\n                    \n\t\t\t\t\t\t<div class=\"eael-feature-list-icon-box\">\n\t\t\t\t\t\t\t<div class=\"eael-feature-list-icon-inner\">\n\n\t\t\t\t\t\t\t\t<span class=\"eael-feature-list-icon fl-icon-0\">\n\n\t\t<i aria-hidden=\"true\" class=\"fas fa-check\"><\/i>\t\t\t\t\t\t\t\t<\/span>\n\t\t\t\t\t\t\t<\/div>\n\t\t\t\t\t\t<\/div>\n\t\t\t\t\t\t<div class=\"eael-feature-list-content-box\">\n                            <h2 class=\"eael-feature-list-title\">Dubl\u00edn, Irlanda<\/h2>\t\t\t\t\t\t<p class=\"eael-feature-list-content\">El epicentro de la celebraci\u00f3n, con desfiles y pubs llenos de energ\u00eda.<\/p>\n\t\t\t\t\t\t<\/div>\n\n\t\t\t\t\t<\/li>\n\t\t\t\t                <li class=\"eael-feature-list-item elementor-repeater-item-92b8bc2\">\n                    \n\t\t\t\t\t\t<div class=\"eael-feature-list-icon-box\">\n\t\t\t\t\t\t\t<div class=\"eael-feature-list-icon-inner\">\n\n\t\t\t\t\t\t\t\t<span class=\"eael-feature-list-icon fl-icon-1\">\n\n\t\t<i aria-hidden=\"true\" class=\"fas fa-check\"><\/i>\t\t\t\t\t\t\t\t<\/span>\n\t\t\t\t\t\t\t<\/div>\n\t\t\t\t\t\t<\/div>\n\t\t\t\t\t\t<div class=\"eael-feature-list-content-box\">\n                            <h2 class=\"eael-feature-list-title\">Chicago, EE.UU<\/h2>\t\t\t\t\t\t<p class=\"eael-feature-list-content\">La ciudad ti\u00f1e su r\u00edo de verde y organiza grandes festividades.<\/p>\n\t\t\t\t\t\t<\/div>\n\n\t\t\t\t\t<\/li>\n\t\t\t\t                <li class=\"eael-feature-list-item elementor-repeater-item-6f19985\">\n                    \n\t\t\t\t\t\t<div class=\"eael-feature-list-icon-box\">\n\t\t\t\t\t\t\t<div class=\"eael-feature-list-icon-inner\">\n\n\t\t\t\t\t\t\t\t<span class=\"eael-feature-list-icon fl-icon-2\">\n\n\t\t<i aria-hidden=\"true\" class=\"fas fa-check\"><\/i>\t\t\t\t\t\t\t\t<\/span>\n\t\t\t\t\t\t\t<\/div>\n\t\t\t\t\t\t<\/div>\n\t\t\t\t\t\t<div class=\"eael-feature-list-content-box\">\n                            <h2 class=\"eael-feature-list-title\"> Boston, EE.UU<\/h2>\t\t\t\t\t\t<p class=\"eael-feature-list-content\">Con una fuerte comunidad irlandesa, ofrece una aut\u00e9ntica celebraci\u00f3n.<\/p>\n\t\t\t\t\t\t<\/div>\n\n\t\t\t\t\t<\/li>\n\t\t\t\t                <li class=\"eael-feature-list-item elementor-repeater-item-c348e32\">\n                    \n\t\t\t\t\t\t<div class=\"eael-feature-list-icon-box\">\n\t\t\t\t\t\t\t<div class=\"eael-feature-list-icon-inner\">\n\n\t\t\t\t\t\t\t\t<span class=\"eael-feature-list-icon fl-icon-3\">\n\n\t\t<i aria-hidden=\"true\" class=\"fas fa-check\"><\/i>\t\t\t\t\t\t\t\t<\/span>\n\t\t\t\t\t\t\t<\/div>\n\t\t\t\t\t\t<\/div>\n\t\t\t\t\t\t<div class=\"eael-feature-list-content-box\">\n                            <h2 class=\"eael-feature-list-title\"> Buenos Aires, Argentina<\/h2>\t\t\t\t\t\t<p class=\"eael-feature-list-content\">Cuenta con una gran colectividad irlandesa y festejos coloridos.<\/p>\n\t\t\t\t\t\t<\/div>\n\n\t\t\t\t\t<\/li>\n\t\t\t\t\t\t\t<\/ul>\n\t\t<\/div>\n\t\t\t\t\t\t<\/div>\n\t\t\t\t<\/div>\n\t\t\t\t<div class=\"elementor-element elementor-element-66962ee elementor-widget elementor-widget-text-editor\" data-id=\"66962ee\" data-element_type=\"widget\" data-widget_type=\"text-editor.default\">\n\t\t\t\t<div class=\"elementor-widget-container\">\n\t\t\t\t\t\t\t\t\t<p>Cada una de estas ciudades tiene su propio estilo de celebraci\u00f3n, pero todas comparten el esp\u00edritu festivo de San Patricio. \u00bfCu\u00e1l de estos destinos est\u00e1 en tu lista para la pr\u00f3xima fiesta del 17 de marzo?<\/p>\t\t\t\t\t\t\t\t<\/div>\n\t\t\t\t<\/div>\n\t\t\t\t\t<\/div>\n\t\t<\/div>\n\t\t\t\t\t<\/div>\n\t\t<\/section>\n\t\t\t\t<\/div>","protected":false},"excerpt":{"rendered":"<p>San Patricio es sin\u00f3nimo de fiesta, cervezas y tradiciones celtas. Esta celebraci\u00f3n se ha convertido en un evento global, con desfiles, m\u00fasica y mucha alegr\u00eda en distintos puntos del mundo. Si est\u00e1s buscando los destinos ideales para vivir la experiencia al m\u00e1ximo, aqu\u00ed tienes algunas opciones imperdibles: Dubl\u00edn, Irlanda El epicentro de la celebraci\u00f3n, con [&hellip;]<\/p>","protected":false},"author":1,"featured_media":19701,"comment_status":"closed","ping_status":"closed","sticky":false,"template":"","format":"standard","meta":{"footnotes":""},"categories":[1],"tags":[],"class_list":["post-19705","post","type-post","status-publish","format-standard","has-post-thumbnail","hentry","category-sin-categoria"],"yoast_head":"<!-- This site is optimized with the Yoast SEO plugin v24.8 - https:\/\/yoast.com\/wordpress\/plugins\/seo\/ -->\n<title>Los mejores lugares para celebrar San Patricio - Viaja y Vuela<\/title>\n<meta name=\"description\" content=\"El All-Fun Inclusive es mucho m\u00e1s que un simple paquete tur\u00edstico. Es una llave maestra que te abre las puertas a una gama impresionante de actividades y entretenimiento en Xcaret.\" \/>\n<meta name=\"robots\" content=\"index, follow, max-snippet:-1, max-image-preview:large, max-video-preview:-1\" \/>\n<link rel=\"canonical\" href=\"https:\/\/viajayvuela.framelova.info\/en\/los-mejores-lugares-para-celebrar-san-patricio\/\" \/>\n<meta property=\"og:locale\" content=\"en_GB\" \/>\n<meta property=\"og:type\" content=\"article\" \/>\n<meta property=\"og:title\" content=\"Los mejores lugares para celebrar San Patricio - Viaja y Vuela\" \/>\n<meta property=\"og:description\" content=\"El All-Fun Inclusive es mucho m\u00e1s que un simple paquete tur\u00edstico. Es una llave maestra que te abre las puertas a una gama impresionante de actividades y entretenimiento en Xcaret.\" \/>\n<meta property=\"og:url\" content=\"https:\/\/viajayvuela.framelova.info\/en\/los-mejores-lugares-para-celebrar-san-patricio\/\" \/>\n<meta property=\"og:site_name\" content=\"Viaja y Vuela\" \/>\n<meta property=\"article:published_time\" content=\"2025-03-10T22:21:54+00:00\" \/>\n<meta property=\"og:image\" content=\"https:\/\/viajayvuela.framelova.info\/wp-content\/uploads\/2025\/03\/san_patricio.jpg\" \/>\n\t<meta property=\"og:image:width\" content=\"1000\" \/>\n\t<meta property=\"og:image:height\" content=\"667\" \/>\n\t<meta property=\"og:image:type\" content=\"image\/jpeg\" \/>\n<meta name=\"author\" content=\"Framelova\" \/>\n<meta name=\"twitter:card\" content=\"summary_large_image\" \/>\n<meta name=\"twitter:label1\" content=\"Written by\" \/>\n\t<meta name=\"twitter:data1\" content=\"Framelova\" \/>\n\t<meta name=\"twitter:label2\" content=\"Estimated reading time\" \/>\n\t<meta name=\"twitter:data2\" content=\"1 minute\" \/>\n<script type=\"application\/ld+json\" class=\"yoast-schema-graph\">{\"@context\":\"https:\/\/schema.org\",\"@graph\":[{\"@type\":\"Article\",\"@id\":\"https:\/\/viajayvuela.framelova.info\/los-mejores-lugares-para-celebrar-san-patricio\/#article\",\"isPartOf\":{\"@id\":\"https:\/\/viajayvuela.framelova.info\/los-mejores-lugares-para-celebrar-san-patricio\/\"},\"author\":{\"name\":\"Framelova\",\"@id\":\"https:\/\/viajayvuela.framelova.info\/#\/schema\/person\/66aa20db10ea3036a83efbdd3d733561\"},\"headline\":\"Los mejores lugares para celebrar San Patricio\",\"datePublished\":\"2025-03-10T22:21:54+00:00\",\"mainEntityOfPage\":{\"@id\":\"https:\/\/viajayvuela.framelova.info\/los-mejores-lugares-para-celebrar-san-patricio\/\"},\"wordCount\":158,\"publisher\":{\"@id\":\"https:\/\/viajayvuela.framelova.info\/#organization\"},\"image\":{\"@id\":\"https:\/\/viajayvuela.framelova.info\/los-mejores-lugares-para-celebrar-san-patricio\/#primaryimage\"},\"thumbnailUrl\":\"https:\/\/viajayvuela.framelova.info\/wp-content\/uploads\/2025\/03\/san_patricio.jpg\",\"articleSection\":[\"Sin categor\u00eda\"],\"inLanguage\":\"en-GB\"},{\"@type\":\"WebPage\",\"@id\":\"https:\/\/viajayvuela.framelova.info\/los-mejores-lugares-para-celebrar-san-patricio\/\",\"url\":\"https:\/\/viajayvuela.framelova.info\/los-mejores-lugares-para-celebrar-san-patricio\/\",\"name\":\"Los mejores lugares para celebrar San Patricio - Viaja y Vuela\",\"isPartOf\":{\"@id\":\"https:\/\/viajayvuela.framelova.info\/#website\"},\"primaryImageOfPage\":{\"@id\":\"https:\/\/viajayvuela.framelova.info\/los-mejores-lugares-para-celebrar-san-patricio\/#primaryimage\"},\"image\":{\"@id\":\"https:\/\/viajayvuela.framelova.info\/los-mejores-lugares-para-celebrar-san-patricio\/#primaryimage\"},\"thumbnailUrl\":\"https:\/\/viajayvuela.framelova.info\/wp-content\/uploads\/2025\/03\/san_patricio.jpg\",\"datePublished\":\"2025-03-10T22:21:54+00:00\",\"description\":\"El All-Fun Inclusive es mucho m\u00e1s que un simple paquete tur\u00edstico. Es una llave maestra que te abre las puertas a una gama impresionante de actividades y entretenimiento en Xcaret.\",\"breadcrumb\":{\"@id\":\"https:\/\/viajayvuela.framelova.info\/los-mejores-lugares-para-celebrar-san-patricio\/#breadcrumb\"},\"inLanguage\":\"en-GB\",\"potentialAction\":[{\"@type\":\"ReadAction\",\"target\":[\"https:\/\/viajayvuela.framelova.info\/los-mejores-lugares-para-celebrar-san-patricio\/\"]}]},{\"@type\":\"ImageObject\",\"inLanguage\":\"en-GB\",\"@id\":\"https:\/\/viajayvuela.framelova.info\/los-mejores-lugares-para-celebrar-san-patricio\/#primaryimage\",\"url\":\"https:\/\/viajayvuela.framelova.info\/wp-content\/uploads\/2025\/03\/san_patricio.jpg\",\"contentUrl\":\"https:\/\/viajayvuela.framelova.info\/wp-content\/uploads\/2025\/03\/san_patricio.jpg\",\"width\":1000,\"height\":667},{\"@type\":\"BreadcrumbList\",\"@id\":\"https:\/\/viajayvuela.framelova.info\/los-mejores-lugares-para-celebrar-san-patricio\/#breadcrumb\",\"itemListElement\":[{\"@type\":\"ListItem\",\"position\":1,\"name\":\"Home\",\"item\":\"https:\/\/viajayvuela.framelova.info\/\"},{\"@type\":\"ListItem\",\"position\":2,\"name\":\"Los mejores lugares para celebrar San Patricio\"}]},{\"@type\":\"WebSite\",\"@id\":\"https:\/\/viajayvuela.framelova.info\/#website\",\"url\":\"https:\/\/viajayvuela.framelova.info\/\",\"name\":\"Viaja y Vuela\",\"description\":\"con tarifas outlet\",\"publisher\":{\"@id\":\"https:\/\/viajayvuela.framelova.info\/#organization\"},\"potentialAction\":[{\"@type\":\"SearchAction\",\"target\":{\"@type\":\"EntryPoint\",\"urlTemplate\":\"https:\/\/viajayvuela.framelova.info\/?s={search_term_string}\"},\"query-input\":{\"@type\":\"PropertyValueSpecification\",\"valueRequired\":true,\"valueName\":\"search_term_string\"}}],\"inLanguage\":\"en-GB\"},{\"@type\":\"Organization\",\"@id\":\"https:\/\/viajayvuela.framelova.info\/#organization\",\"name\":\"Viaja y Vuela\",\"url\":\"https:\/\/viajayvuela.framelova.info\/\",\"logo\":{\"@type\":\"ImageObject\",\"inLanguage\":\"en-GB\",\"@id\":\"https:\/\/viajayvuela.framelova.info\/#\/schema\/logo\/image\/\",\"url\":\"https:\/\/viajayvuela.framelova.info\/wp-content\/uploads\/2022\/07\/Logo-vaiaja-y-vuela.png\",\"contentUrl\":\"https:\/\/viajayvuela.framelova.info\/wp-content\/uploads\/2022\/07\/Logo-vaiaja-y-vuela.png\",\"width\":836,\"height\":1012,\"caption\":\"Viaja y Vuela\"},\"image\":{\"@id\":\"https:\/\/viajayvuela.framelova.info\/#\/schema\/logo\/image\/\"}},{\"@type\":\"Person\",\"@id\":\"https:\/\/viajayvuela.framelova.info\/#\/schema\/person\/66aa20db10ea3036a83efbdd3d733561\",\"name\":\"Framelova\",\"image\":{\"@type\":\"ImageObject\",\"inLanguage\":\"en-GB\",\"@id\":\"https:\/\/viajayvuela.framelova.info\/#\/schema\/person\/image\/\",\"url\":\"https:\/\/secure.gravatar.com\/avatar\/2e12717f029fe18919e71eba9d2f92bad75959f628a3947b84de468b988df6ec?s=96&d=mm&r=g\",\"contentUrl\":\"https:\/\/secure.gravatar.com\/avatar\/2e12717f029fe18919e71eba9d2f92bad75959f628a3947b84de468b988df6ec?s=96&d=mm&r=g\",\"caption\":\"Framelova\"},\"sameAs\":[\"https:\/\/viajayvuela.framelova.info\"],\"url\":\"https:\/\/viajayvuela.framelova.info\/en\/author\/framelova\/\"}]}<\/script>\n<!-- \/ Yoast SEO plugin. -->","yoast_head_json":{"title":"Los mejores lugares para celebrar San Patricio - Viaja y Vuela","description":"El All-Fun Inclusive es mucho m\u00e1s que un simple paquete tur\u00edstico. Es una llave maestra que te abre las puertas a una gama impresionante de actividades y entretenimiento en Xcaret.","robots":{"index":"index","follow":"follow","max-snippet":"max-snippet:-1","max-image-preview":"max-image-preview:large","max-video-preview":"max-video-preview:-1"},"canonical":"https:\/\/viajayvuela.framelova.info\/en\/los-mejores-lugares-para-celebrar-san-patricio\/","og_locale":"en_GB","og_type":"article","og_title":"Los mejores lugares para celebrar San Patricio - Viaja y Vuela","og_description":"El All-Fun Inclusive es mucho m\u00e1s que un simple paquete tur\u00edstico. Es una llave maestra que te abre las puertas a una gama impresionante de actividades y entretenimiento en Xcaret.","og_url":"https:\/\/viajayvuela.framelova.info\/en\/los-mejores-lugares-para-celebrar-san-patricio\/","og_site_name":"Viaja y Vuela","article_published_time":"2025-03-10T22:21:54+00:00","og_image":[{"width":1000,"height":667,"url":"https:\/\/viajayvuela.framelova.info\/wp-content\/uploads\/2025\/03\/san_patricio.jpg","type":"image\/jpeg"}],"author":"Framelova","twitter_card":"summary_large_image","twitter_misc":{"Written by":"Framelova","Estimated reading time":"1 minute"},"schema":{"@context":"https:\/\/schema.org","@graph":[{"@type":"Article","@id":"https:\/\/viajayvuela.framelova.info\/los-mejores-lugares-para-celebrar-san-patricio\/#article","isPartOf":{"@id":"https:\/\/viajayvuela.framelova.info\/los-mejores-lugares-para-celebrar-san-patricio\/"},"author":{"name":"Framelova","@id":"https:\/\/viajayvuela.framelova.info\/#\/schema\/person\/66aa20db10ea3036a83efbdd3d733561"},"headline":"Los mejores lugares para celebrar San Patricio","datePublished":"2025-03-10T22:21:54+00:00","mainEntityOfPage":{"@id":"https:\/\/viajayvuela.framelova.info\/los-mejores-lugares-para-celebrar-san-patricio\/"},"wordCount":158,"publisher":{"@id":"https:\/\/viajayvuela.framelova.info\/#organization"},"image":{"@id":"https:\/\/viajayvuela.framelova.info\/los-mejores-lugares-para-celebrar-san-patricio\/#primaryimage"},"thumbnailUrl":"https:\/\/viajayvuela.framelova.info\/wp-content\/uploads\/2025\/03\/san_patricio.jpg","articleSection":["Sin categor\u00eda"],"inLanguage":"en-GB"},{"@type":"WebPage","@id":"https:\/\/viajayvuela.framelova.info\/los-mejores-lugares-para-celebrar-san-patricio\/","url":"https:\/\/viajayvuela.framelova.info\/los-mejores-lugares-para-celebrar-san-patricio\/","name":"Los mejores lugares para celebrar San Patricio - Viaja y Vuela","isPartOf":{"@id":"https:\/\/viajayvuela.framelova.info\/#website"},"primaryImageOfPage":{"@id":"https:\/\/viajayvuela.framelova.info\/los-mejores-lugares-para-celebrar-san-patricio\/#primaryimage"},"image":{"@id":"https:\/\/viajayvuela.framelova.info\/los-mejores-lugares-para-celebrar-san-patricio\/#primaryimage"},"thumbnailUrl":"https:\/\/viajayvuela.framelova.info\/wp-content\/uploads\/2025\/03\/san_patricio.jpg","datePublished":"2025-03-10T22:21:54+00:00","description":"El All-Fun Inclusive es mucho m\u00e1s que un simple paquete tur\u00edstico. Es una llave maestra que te abre las puertas a una gama impresionante de actividades y entretenimiento en Xcaret.","breadcrumb":{"@id":"https:\/\/viajayvuela.framelova.info\/los-mejores-lugares-para-celebrar-san-patricio\/#breadcrumb"},"inLanguage":"en-GB","potentialAction":[{"@type":"ReadAction","target":["https:\/\/viajayvuela.framelova.info\/los-mejores-lugares-para-celebrar-san-patricio\/"]}]},{"@type":"ImageObject","inLanguage":"en-GB","@id":"https:\/\/viajayvuela.framelova.info\/los-mejores-lugares-para-celebrar-san-patricio\/#primaryimage","url":"https:\/\/viajayvuela.framelova.info\/wp-content\/uploads\/2025\/03\/san_patricio.jpg","contentUrl":"https:\/\/viajayvuela.framelova.info\/wp-content\/uploads\/2025\/03\/san_patricio.jpg","width":1000,"height":667},{"@type":"BreadcrumbList","@id":"https:\/\/viajayvuela.framelova.info\/los-mejores-lugares-para-celebrar-san-patricio\/#breadcrumb","itemListElement":[{"@type":"ListItem","position":1,"name":"Home","item":"https:\/\/viajayvuela.framelova.info\/"},{"@type":"ListItem","position":2,"name":"Los mejores lugares para celebrar San Patricio"}]},{"@type":"WebSite","@id":"https:\/\/viajayvuela.framelova.info\/#website","url":"https:\/\/viajayvuela.framelova.info\/","name":"Viaja y Vuela","description":"con tarifas outlet","publisher":{"@id":"https:\/\/viajayvuela.framelova.info\/#organization"},"potentialAction":[{"@type":"SearchAction","target":{"@type":"EntryPoint","urlTemplate":"https:\/\/viajayvuela.framelova.info\/?s={search_term_string}"},"query-input":{"@type":"PropertyValueSpecification","valueRequired":true,"valueName":"search_term_string"}}],"inLanguage":"en-GB"},{"@type":"Organization","@id":"https:\/\/viajayvuela.framelova.info\/#organization","name":"Viaja y Vuela","url":"https:\/\/viajayvuela.framelova.info\/","logo":{"@type":"ImageObject","inLanguage":"en-GB","@id":"https:\/\/viajayvuela.framelova.info\/#\/schema\/logo\/image\/","url":"https:\/\/viajayvuela.framelova.info\/wp-content\/uploads\/2022\/07\/Logo-vaiaja-y-vuela.png","contentUrl":"https:\/\/viajayvuela.framelova.info\/wp-content\/uploads\/2022\/07\/Logo-vaiaja-y-vuela.png","width":836,"height":1012,"caption":"Viaja y Vuela"},"image":{"@id":"https:\/\/viajayvuela.framelova.info\/#\/schema\/logo\/image\/"}},{"@type":"Person","@id":"https:\/\/viajayvuela.framelova.info\/#\/schema\/person\/66aa20db10ea3036a83efbdd3d733561","name":"Framelova","image":{"@type":"ImageObject","inLanguage":"en-GB","@id":"https:\/\/viajayvuela.framelova.info\/#\/schema\/person\/image\/","url":"https:\/\/secure.gravatar.com\/avatar\/2e12717f029fe18919e71eba9d2f92bad75959f628a3947b84de468b988df6ec?s=96&d=mm&r=g","contentUrl":"https:\/\/secure.gravatar.com\/avatar\/2e12717f029fe18919e71eba9d2f92bad75959f628a3947b84de468b988df6ec?s=96&d=mm&r=g","caption":"Framelova"},"sameAs":["https:\/\/viajayvuela.framelova.info"],"url":"https:\/\/viajayvuela.framelova.info\/en\/author\/framelova\/"}]}},"_links":{"self":[{"href":"https:\/\/viajayvuela.framelova.info\/en\/wp-json\/wp\/v2\/posts\/19705","targetHints":{"allow":["GET"]}}],"collection":[{"href":"https:\/\/viajayvuela.framelova.info\/en\/wp-json\/wp\/v2\/posts"}],"about":[{"href":"https:\/\/viajayvuela.framelova.info\/en\/wp-json\/wp\/v2\/types\/post"}],"author":[{"embeddable":true,"href":"https:\/\/viajayvuela.framelova.info\/en\/wp-json\/wp\/v2\/users\/1"}],"replies":[{"embeddable":true,"href":"https:\/\/viajayvuela.framelova.info\/en\/wp-json\/wp\/v2\/comments?post=19705"}],"version-history":[{"count":3,"href":"https:\/\/viajayvuela.framelova.info\/en\/wp-json\/wp\/v2\/posts\/19705\/revisions"}],"predecessor-version":[{"id":19708,"href":"https:\/\/viajayvuela.framelova.info\/en\/wp-json\/wp\/v2\/posts\/19705\/revisions\/19708"}],"wp:featuredmedia":[{"embeddable":true,"href":"https:\/\/viajayvuela.framelova.info\/en\/wp-json\/wp\/v2\/media\/19701"}],"wp:attachment":[{"href":"https:\/\/viajayvuela.framelova.info\/en\/wp-json\/wp\/v2\/media?parent=19705"}],"wp:term":[{"taxonomy":"category","embeddable":true,"href":"https:\/\/viajayvuela.framelova.info\/en\/wp-json\/wp\/v2\/categories?post=19705"},{"taxonomy":"post_tag","embeddable":true,"href":"https:\/\/viajayvuela.framelova.info\/en\/wp-json\/wp\/v2\/tags?post=19705"}],"curies":[{"name":"wp","href":"https:\/\/api.w.org\/{rel}","templated":true}]}}